{"id":2052,"date":"2025-09-22T11:47:13","date_gmt":"2025-09-22T14:47:13","guid":{"rendered":"https:\/\/runner-v1.attendy.com.br\/home\/?p=2052"},"modified":"2025-11-13T09:29:11","modified_gmt":"2025-11-13T12:29:11","slug":"a-verdade-sobre-a-cafeina-%e2%98%95-quando-e-boa-para-voce-e-quando-nao-e","status":"publish","type":"post","link":"https:\/\/runner-v1.attendy.com.br\/home\/a-verdade-sobre-a-cafeina-%e2%98%95-quando-e-boa-para-voce-e-quando-nao-e\/","title":{"rendered":"A Verdade Sobre a Cafe\u00edna: Quando \u00e9 Boa para Voc\u00ea&#8230; e Quando N\u00e3o \u00c9"},"content":{"rendered":"\t\t<div data-elementor-type=\"wp-post\" data-elementor-id=\"2052\" class=\"elementor elementor-2052\">\n\t\t\t\t<div class=\"elementor-element elementor-element-8c2b5fb e-con-full e-flex wpr-particle-no wpr-jarallax-no wpr-parallax-no wpr-sticky-section-no e-con e-parent\" data-id=\"8c2b5fb\" data-element_type=\"container\" data-settings=\"{&quot;background_background&quot;:&quot;gradient&quot;,&quot;shape_divider_bottom&quot;:&quot;mountains&quot;}\">\n\t\t\t\t<div class=\"elementor-shape elementor-shape-bottom\" aria-hidden=\"true\" data-negative=\"false\">\n\t\t\t<svg xmlns=\"http:\/\/www.w3.org\/2000\/svg\" viewBox=\"0 0 1000 100\" preserveAspectRatio=\"none\">\n\t<path class=\"elementor-shape-fill\" opacity=\"0.33\" d=\"M473,67.3c-203.9,88.3-263.1-34-320.3,0C66,119.1,0,59.7,0,59.7V0h1000v59.7 c0,0-62.1,26.1-94.9,29.3c-32.8,3.3-62.8-12.3-75.8-22.1C806,49.6,745.3,8.7,694.9,4.7S492.4,59,473,67.3z\"\/>\n\t<path class=\"elementor-shape-fill\" opacity=\"0.66\" d=\"M734,67.3c-45.5,0-77.2-23.2-129.1-39.1c-28.6-8.7-150.3-10.1-254,39.1 s-91.7-34.4-149.2,0C115.7,118.3,0,39.8,0,39.8V0h1000v36.5c0,0-28.2-18.5-92.1-18.5C810.2,18.1,775.7,67.3,734,67.3z\"\/>\n\t<path class=\"elementor-shape-fill\" d=\"M766.1,28.9c-200-57.5-266,65.5-395.1,19.5C242,1.8,242,5.4,184.8,20.6C128,35.8,132.3,44.9,89.9,52.5C28.6,63.7,0,0,0,0 h1000c0,0-9.9,40.9-83.6,48.1S829.6,47,766.1,28.9z\"\/>\n<\/svg>\t\t<\/div>\n\t\t<div class=\"elementor-element elementor-element-ee36f41 e-con-full e-flex wpr-particle-no wpr-jarallax-no wpr-parallax-no wpr-sticky-section-no e-con e-child\" data-id=\"ee36f41\" data-element_type=\"container\" data-settings=\"{&quot;background_background&quot;:&quot;classic&quot;}\">\n\t\t\t\t<div class=\"elementor-element elementor-element-5e4d402 elementor-align-center elementor-widget elementor-widget-elementskit-category-list\" data-id=\"5e4d402\" data-element_type=\"widget\" data-widget_type=\"elementskit-category-list.default\">\n\t\t\t\t\t<div class=\"ekit-wid-con\" >\t\t<ul class=\"elementor-icon-list-items\">\n\t\t\t\t\t\t\t<li class=\"elementor-icon-list-item\">\n\t\t\t\t\t<a href=\"https:\/\/runner-v1.attendy.com.br\/home\/category\/nutricao\/\" >\n                                                    <span class=\"elementor-icon-list-icon\">\n\t\t\t\t\t\t\t\t<svg aria-hidden=\"true\" class=\"e-font-icon-svg e-fas-apple-alt\" viewBox=\"0 0 448 512\" xmlns=\"http:\/\/www.w3.org\/2000\/svg\"><path d=\"M350.85 129c25.97 4.67 47.27 18.67 63.92 42 14.65 20.67 24.64 46.67 29.96 78 4.67 28.67 4.32 57.33-1 86-7.99 47.33-23.97 87-47.94 119-28.64 38.67-64.59 58-107.87 58-10.66 0-22.3-3.33-34.96-10-8.66-5.33-18.31-8-28.97-8s-20.3 2.67-28.97 8c-12.66 6.67-24.3 10-34.96 10-43.28 0-79.23-19.33-107.87-58-23.97-32-39.95-71.67-47.94-119-5.32-28.67-5.67-57.33-1-86 5.32-31.33 15.31-57.33 29.96-78 16.65-23.33 37.95-37.33 63.92-42 15.98-2.67 37.95-.33 65.92 7 23.97 6.67 44.28 14.67 60.93 24 16.65-9.33 36.96-17.33 60.93-24 27.98-7.33 49.96-9.67 65.94-7zm-54.94-41c-9.32 8.67-21.65 15-36.96 19-10.66 3.33-22.3 5-34.96 5l-14.98-1c-1.33-9.33-1.33-20 0-32 2.67-24 10.32-42.33 22.97-55 9.32-8.67 21.65-15 36.96-19 10.66-3.33 22.3-5 34.96-5l14.98 1 1 15c0 12.67-1.67 24.33-4.99 35-3.99 15.33-10.31 27.67-18.98 37z\"><\/path><\/svg>                            <\/span>\n                                                <span class=\"elementor-icon-list-text\">Nutri\u00e7\u00e3o<\/span>\n\t\t\t\t\t<\/a>\n\t\t\t\t<\/li>\n\t\t\t\t\t\t<\/ul>\n\t\t<\/div>\t\t\t\t<\/div>\n\t\t\t\t<\/div>\n\t\t<div class=\"elementor-element elementor-element-a824221 e-con-full e-flex wpr-particle-no wpr-jarallax-no wpr-parallax-no wpr-sticky-section-no e-con e-child\" data-id=\"a824221\" data-element_type=\"container\">\n\t\t\t\t<div class=\"elementor-element elementor-element-4e024a3 elementor-widget elementor-widget-wpr-post-title\" data-id=\"4e024a3\" data-element_type=\"widget\" data-widget_type=\"wpr-post-title.default\">\n\t\t\t\t\t<h1 class=\"wpr-post-title\">A Verdade Sobre a Cafe\u00edna: Quando \u00e9 Boa para Voc\u00ea&#8230; e Quando N\u00e3o \u00c9<\/h1>\t\t\t\t<\/div>\n\t\t\t\t<div class=\"elementor-element elementor-element-eaf20ae wpr-post-info-align-center elementor-widget elementor-widget-wpr-post-info\" data-id=\"eaf20ae\" data-element_type=\"widget\" data-widget_type=\"wpr-post-info.default\">\n\t\t\t\t\t<ul class=\"wpr-post-info wpr-post-info-vertical\"><li class=\"wpr-post-info-date\"><span>22 de setembro de 2025<\/span><\/li><li class=\"wpr-post-info-author\"><img decoding=\"async\" alt=\"\" src=\"https:\/\/secure.gravatar.com\/avatar\/6e30da79ee180888e39af36827dd47e6e3f7b209f69be89349210b91752a12d1?s=32&#038;d=mm&#038;r=g\" srcset=\"https:\/\/secure.gravatar.com\/avatar\/6e30da79ee180888e39af36827dd47e6e3f7b209f69be89349210b91752a12d1?s=64&#038;d=mm&#038;r=g 2x\" class=\"avatar avatar-32 photo\" height=\"32\" width=\"32\"><span>Dra. Marissol Amaral Rios \u2013 Nutricionista | CRN-3 55580<\/span><\/li><\/ul>\t\t\t\t<\/div>\n\t\t\t\t<\/div>\n\t\t\t\t<\/div>\n\t\t<div class=\"elementor-element elementor-element-1d1e7d2 e-flex e-con-boxed wpr-particle-no wpr-jarallax-no wpr-parallax-no wpr-sticky-section-no e-con e-parent\" data-id=\"1d1e7d2\" data-element_type=\"container\">\n\t\t\t\t\t<div class=\"e-con-inner\">\n\t\t\t\t<div class=\"elementor-element elementor-element-4a5fc83 elementor-widget elementor-widget-button\" data-id=\"4a5fc83\" data-element_type=\"widget\" data-widget_type=\"button.default\">\n\t\t\t\t\t\t\t\t\t\t<a class=\"elementor-button elementor-button-link elementor-size-sm\" href=\"https:\/\/runner-v1.attendy.com.br\/home\/blog-runner\/\">\n\t\t\t\t\t\t<span class=\"elementor-button-content-wrapper\">\n\t\t\t\t\t\t<span class=\"elementor-button-icon\">\n\t\t\t\t<svg aria-hidden=\"true\" class=\"e-font-icon-svg e-fas-arrow-left\" viewBox=\"0 0 448 512\" xmlns=\"http:\/\/www.w3.org\/2000\/svg\"><path d=\"M257.5 445.1l-22.2 22.2c-9.4 9.4-24.6 9.4-33.9 0L7 273c-9.4-9.4-9.4-24.6 0-33.9L201.4 44.7c9.4-9.4 24.6-9.4 33.9 0l22.2 22.2c9.5 9.5 9.3 25-.4 34.3L136.6 216H424c13.3 0 24 10.7 24 24v32c0 13.3-10.7 24-24 24H136.6l120.5 114.8c9.8 9.3 10 24.8.4 34.3z\"><\/path><\/svg>\t\t\t<\/span>\n\t\t\t\t\t\t\t\t\t<span class=\"elementor-button-text\">Voltar para ver mais post<\/span>\n\t\t\t\t\t<\/span>\n\t\t\t\t\t<\/a>\n\t\t\t\t\t\t\t\t<\/div>\n\t\t\t\t\t<\/div>\n\t\t\t\t<\/div>\n\t\t<div class=\"elementor-element elementor-element-400b36b8 e-flex e-con-boxed wpr-particle-no wpr-jarallax-no wpr-parallax-no wpr-sticky-section-no e-con e-parent\" data-id=\"400b36b8\" data-element_type=\"container\">\n\t\t\t\t\t<div class=\"e-con-inner\">\n\t\t\t\t<div class=\"elementor-element elementor-element-cf66b05 elementor-widget elementor-widget-text-editor\" data-id=\"cf66b05\" data-element_type=\"widget\" data-widget_type=\"text-editor.default\">\n\t\t\t\t\t\t\t\t\t<section><h3 data-start=\"396\" data-end=\"409\">Introdu\u00e7\u00e3o<\/h3><p data-start=\"411\" data-end=\"622\">A cafe\u00edna est\u00e1 presente na rotina de milh\u00f5es de pessoas ao redor do mundo. Seja no caf\u00e9 da manh\u00e3, em uma x\u00edcara de ch\u00e1 ou em bebidas energ\u00e9ticas, ela \u00e9 usada por quem busca <strong data-start=\"584\" data-end=\"619\">mais energia, foco e disposi\u00e7\u00e3o<\/strong>.<\/p><p data-start=\"624\" data-end=\"803\">Estima-se que <strong data-start=\"638\" data-end=\"668\">85% dos adultos americanos<\/strong> consumam cafe\u00edna todos os dias. Mas ser\u00e1 que ela \u00e9 realmente uma aliada da sa\u00fade \u2014 ou pode se tornar uma vil\u00e3 quando usada em excesso?<\/p><hr data-start=\"805\" data-end=\"808\" \/><h3 data-start=\"810\" data-end=\"848\">1. Como a Cafe\u00edna Atua no Seu Corpo<\/h3><p data-start=\"850\" data-end=\"1096\">A principal a\u00e7\u00e3o da cafe\u00edna \u00e9 <strong data-start=\"880\" data-end=\"904\">bloquear a adenosina<\/strong>, uma subst\u00e2ncia que promove o sono e o relaxamento. Ao fazer isso, ela <strong data-start=\"976\" data-end=\"1006\">aumenta o estado de alerta<\/strong> e melhora temporariamente o humor, gra\u00e7as \u00e0 libera\u00e7\u00e3o de <strong data-start=\"1064\" data-end=\"1076\">dopamina<\/strong> e <strong data-start=\"1079\" data-end=\"1093\">adrenalina<\/strong>.<\/p><p data-start=\"1098\" data-end=\"1387\">Mas \u00e9 importante entender: essa sensa\u00e7\u00e3o de energia <strong data-start=\"1150\" data-end=\"1192\">n\u00e3o vem de um ganho real de disposi\u00e7\u00e3o<\/strong>, e sim da <strong data-start=\"1203\" data-end=\"1226\">supress\u00e3o da fadiga<\/strong>. Por isso, ap\u00f3s algumas horas, \u00e9 comum sentir <strong data-start=\"1273\" data-end=\"1336\">queda de energia, irritabilidade ou dificuldade para dormir<\/strong> \u2014 especialmente se consumida \u00e0 tarde ou \u00e0 noite.<\/p><p data-start=\"1389\" data-end=\"1592\">A cafe\u00edna tem uma <strong data-start=\"1407\" data-end=\"1441\">meia-vida m\u00e9dia de 4 a 6 horas<\/strong>, o que significa que metade da subst\u00e2ncia ainda est\u00e1 no seu corpo horas depois do consumo. Em pessoas mais sens\u00edveis, esse tempo pode ser ainda maior.<\/p><hr data-start=\"1594\" data-end=\"1597\" \/><h3 data-start=\"1599\" data-end=\"1639\">2. Benef\u00edcios do Consumo Moderado<\/h3><p data-start=\"1641\" data-end=\"1893\">Quando usada com modera\u00e7\u00e3o, a cafe\u00edna pode trazer <strong data-start=\"1691\" data-end=\"1738\">diversos benef\u00edcios \u00e0 sa\u00fade e \u00e0 performance<\/strong>. Estudos associam o consumo regular de caf\u00e9 \u00e0 <strong data-start=\"1785\" data-end=\"1857\">redu\u00e7\u00e3o do risco de depress\u00e3o, diabetes tipo 2, Parkinson, Alzheimer<\/strong> e at\u00e9 alguns tipos de <strong data-start=\"1880\" data-end=\"1890\">c\u00e2ncer<\/strong>.<\/p><p data-start=\"1895\" data-end=\"2092\">Al\u00e9m disso, ela \u00e9 uma <strong data-start=\"1917\" data-end=\"1948\">aliada no desempenho f\u00edsico<\/strong>, melhorando o rendimento em atividades de resist\u00eancia, principalmente quando ingerida em doses entre <strong data-start=\"2050\" data-end=\"2089\">3 e 6 mg por quilo de peso corporal<\/strong>.<\/p><p data-start=\"2094\" data-end=\"2239\">Vale lembrar: muitos desses efeitos v\u00eam do <strong data-start=\"2137\" data-end=\"2158\">caf\u00e9 como um todo<\/strong>, que cont\u00e9m antioxidantes e compostos bioativos \u2014 n\u00e3o apenas da cafe\u00edna isolada.<\/p><hr data-start=\"2241\" data-end=\"2244\" \/><h3 data-start=\"2246\" data-end=\"2292\">3. Quando a Cafe\u00edna se Torna um Problema \u26a0\ufe0f<\/h3><p data-start=\"2294\" data-end=\"2367\">Nem todos reagem da mesma forma \u00e0 cafe\u00edna. Em excesso, ela pode causar:<\/p><ul><li data-start=\"2370\" data-end=\"2400\"><strong data-start=\"2370\" data-end=\"2397\">Ansiedade e palpita\u00e7\u00f5es<\/strong>,<\/li><li data-start=\"2403\" data-end=\"2434\"><strong data-start=\"2403\" data-end=\"2431\">Ins\u00f4nia e irritabilidade<\/strong>,<\/li><li data-start=\"2437\" data-end=\"2467\"><strong data-start=\"2437\" data-end=\"2464\">Desconfortos digestivos<\/strong>,<\/li><li data-start=\"2470\" data-end=\"2504\"><strong data-start=\"2470\" data-end=\"2501\">Aumento da press\u00e3o arterial<\/strong>.<\/li><\/ul><p data-start=\"2506\" data-end=\"2644\">Pessoas com <strong data-start=\"2518\" data-end=\"2586\">hipertens\u00e3o, ansiedade, refluxo, s\u00edndrome do intestino irrit\u00e1vel<\/strong>, gestantes e lactantes devem ter <strong data-start=\"2620\" data-end=\"2641\">cuidado redobrado<\/strong>.<\/p><p data-start=\"2646\" data-end=\"2788\">Usar cafe\u00edna para \u201ccompensar\u201d noites mal dormidas tamb\u00e9m \u00e9 arriscado \u2014 isso pode gerar um <strong data-start=\"2736\" data-end=\"2787\">ciclo de exaust\u00e3o, irritabilidade e depend\u00eancia<\/strong>.<\/p><hr data-start=\"2790\" data-end=\"2793\" \/><h3 data-start=\"2795\" data-end=\"2830\">4. Como Consumir com Consci\u00eancia<\/h3><p data-start=\"2832\" data-end=\"3013\">A melhor estrat\u00e9gia \u00e9 <strong data-start=\"2854\" data-end=\"2889\">observar os sinais do seu corpo<\/strong>. Se voc\u00ea nota ansiedade, ins\u00f4nia ou queda de energia ap\u00f3s o consumo, talvez seja hora de <strong data-start=\"2979\" data-end=\"3010\">ajustar a dose ou o hor\u00e1rio<\/strong>.<\/p><p data-start=\"3015\" data-end=\"3053\">Dicas simples para equilibrar o uso:<\/p><ol><li data-start=\"3057\" data-end=\"3098\">Prefira consumir <strong data-start=\"3074\" data-end=\"3095\">apenas pela manh\u00e3<\/strong>;<\/li><li data-start=\"3102\" data-end=\"3141\">Fa\u00e7a <strong data-start=\"3107\" data-end=\"3127\">pausas regulares<\/strong> no consumo;<\/li><li data-start=\"3145\" data-end=\"3262\">Teste alternativas como <strong data-start=\"3169\" data-end=\"3182\">ch\u00e1-verde<\/strong>, <strong data-start=\"3184\" data-end=\"3205\">infus\u00f5es de ervas<\/strong> ou bebidas com <strong data-start=\"3221\" data-end=\"3259\">cogumelos funcionais e adapt\u00f3genos<\/strong>.<\/li><\/ol><p data-start=\"3264\" data-end=\"3349\">Essas op\u00e7\u00f5es mant\u00eam o ritual e o foco \u2014 sem os picos e quedas da cafe\u00edna tradicional.<\/p><hr data-start=\"3351\" data-end=\"3354\" \/><h3 data-start=\"3356\" data-end=\"3368\">Conclus\u00e3o<\/h3><p data-start=\"3370\" data-end=\"3539\">A cafe\u00edna pode ser tanto <strong data-start=\"3395\" data-end=\"3420\">aliada quanto inimiga<\/strong> \u2014 tudo depende da dose, do hor\u00e1rio e da sua sensibilidade. O segredo est\u00e1 no <strong data-start=\"3498\" data-end=\"3536\">consumo consciente e personalizado<\/strong>.<\/p><p data-start=\"3541\" data-end=\"3703\">Entenda seus limites, respeite seu corpo e use a cafe\u00edna a seu favor. Assim, voc\u00ea mant\u00e9m <strong data-start=\"3630\" data-end=\"3659\">energia, foco e bem-estar<\/strong>, sem comprometer o sono e a sa\u00fade mental.<\/p><p data-start=\"3705\" data-end=\"3764\"><strong data-start=\"3707\" data-end=\"3764\">Equil\u00edbrio \u00e9 o verdadeiro combust\u00edvel da performance.<\/strong><\/p><\/section><footer><\/footer>\t\t\t\t\t\t\t\t<\/div>\n\t\t\t\t<div class=\"elementor-element elementor-element-a033b3b wpr-author-box-arrange-vertical elementor-widget elementor-widget-wpr-author-box\" data-id=\"a033b3b\" data-element_type=\"widget\" data-widget_type=\"wpr-author-box.default\">\n\t\t\t\t\t<div class=\"wpr-author-box\"><div class=\"wpr-author-box-image\"><img fetchpriority=\"high\" decoding=\"async\" alt=\"\" src=\"https:\/\/secure.gravatar.com\/avatar\/6e30da79ee180888e39af36827dd47e6e3f7b209f69be89349210b91752a12d1?s=264&#038;d=mm&#038;r=g\" class=\"avatar avatar-264 photo\" height=\"264\" width=\"264\"><\/div><div class=\"wpr-author-box-text\"><h3 class=\"wpr-author-box-name\">Dra. Marissol Amaral Rios \u2013 Nutricionista | CRN-3 55580<\/h3><\/div><\/div>\t\t\t\t<\/div>\n\t\t\t\t\t<\/div>\n\t\t\t\t<\/div>\n\t\t<div class=\"elementor-element elementor-element-d74a80a e-flex e-con-boxed wpr-particle-no wpr-jarallax-no wpr-parallax-no wpr-sticky-section-no e-con e-parent\" data-id=\"d74a80a\" data-element_type=\"container\">\n\t\t\t\t\t<div class=\"e-con-inner\">\n\t\t\t\t<div class=\"elementor-element elementor-element-88872c2 elementor-widget elementor-widget-button\" data-id=\"88872c2\" data-element_type=\"widget\" data-widget_type=\"button.default\">\n\t\t\t\t\t\t\t\t\t\t<a class=\"elementor-button elementor-button-link elementor-size-sm\" href=\"https:\/\/runner-v1.attendy.com.br\/home\/blog-runner\/\">\n\t\t\t\t\t\t<span class=\"elementor-button-content-wrapper\">\n\t\t\t\t\t\t<span class=\"elementor-button-icon\">\n\t\t\t\t<svg aria-hidden=\"true\" class=\"e-font-icon-svg e-fas-arrow-left\" viewBox=\"0 0 448 512\" xmlns=\"http:\/\/www.w3.org\/2000\/svg\"><path d=\"M257.5 445.1l-22.2 22.2c-9.4 9.4-24.6 9.4-33.9 0L7 273c-9.4-9.4-9.4-24.6 0-33.9L201.4 44.7c9.4-9.4 24.6-9.4 33.9 0l22.2 22.2c9.5 9.5 9.3 25-.4 34.3L136.6 216H424c13.3 0 24 10.7 24 24v32c0 13.3-10.7 24-24 24H136.6l120.5 114.8c9.8 9.3 10 24.8.4 34.3z\"><\/path><\/svg>\t\t\t<\/span>\n\t\t\t\t\t\t\t\t\t<span class=\"elementor-button-text\">Voltar para ver mais post<\/span>\n\t\t\t\t\t<\/span>\n\t\t\t\t\t<\/a>\n\t\t\t\t\t\t\t\t<\/div>\n\t\t\t\t\t<\/div>\n\t\t\t\t<\/div>\n\t\t<div class=\"elementor-element elementor-element-42411c4 e-flex e-con-boxed wpr-particle-no wpr-jarallax-no wpr-parallax-no wpr-sticky-section-no e-con e-parent\" data-id=\"42411c4\" data-element_type=\"container\">\n\t\t\t\t\t<div class=\"e-con-inner\">\n\t\t\t\t\t<\/div>\n\t\t\t\t<\/div>\n\t\t<div class=\"elementor-element elementor-element-26a2f52 e-flex e-con-boxed wpr-sticky-section-no e-con e-parent\" data-id=\"26a2f52\" data-element_type=\"container\" data-settings=\"{&quot;background_background&quot;:&quot;classic&quot;}\">\n\t\t\t\t\t<div class=\"e-con-inner\">\n\t\t\t\t<div class=\"elementor-element elementor-element-ebbb4ad elementor-widget elementor-widget-heading\" data-id=\"ebbb4ad\" data-element_type=\"widget\" data-widget_type=\"heading.default\">\n\t\t\t\t\t<h3 class=\"elementor-heading-title elementor-size-default\">a runner preparou Mais Conte\u00fados para Turbinar Seu Desempenho...<\/h3>\t\t\t\t<\/div>\n\t\t\t\t<div class=\"elementor-element elementor-element-bec8915 elementor-widget elementor-widget-elementskit-post-list\" data-id=\"bec8915\" data-element_type=\"widget\" data-widget_type=\"elementskit-post-list.default\">\n\t\t\t\t<div class=\"elementor-widget-container\">\n\t\t\t\t\t<div class=\"ekit-wid-con\" >\t\t<ul class=\"elementor-icon-list-items ekit-post-list-wrapper \">\n\t\t\t\t\t\t<li class=\"elementor-icon-list-item   \">\n\t\t\t\t<a href=\"https:\/\/runner-v1.attendy.com.br\/home\/o-mercado-fitness-no-brasil-porque-e-um-bom-momento-para-investir\/\" >\n\t\t\t\t\t<img decoding=\"async\" width=\"1024\" height=\"1024\" src=\"https:\/\/runner-v1.attendy.com.br\/wp-content\/uploads\/2025\/08\/Licenciado-Runner-recebendo-suporte-profissional-na-academia.webp\" class=\"attachment-large size-large wp-post-image\" alt=\"\" srcset=\"https:\/\/runner-v1.attendy.com.br\/wp-content\/uploads\/2025\/08\/Licenciado-Runner-recebendo-suporte-profissional-na-academia.webp 1024w, https:\/\/runner-v1.attendy.com.br\/wp-content\/uploads\/2025\/08\/Licenciado-Runner-recebendo-suporte-profissional-na-academia-300x300.webp 300w, https:\/\/runner-v1.attendy.com.br\/wp-content\/uploads\/2025\/08\/Licenciado-Runner-recebendo-suporte-profissional-na-academia-150x150.webp 150w, https:\/\/runner-v1.attendy.com.br\/wp-content\/uploads\/2025\/08\/Licenciado-Runner-recebendo-suporte-profissional-na-academia-768x768.webp 768w\" sizes=\"(max-width: 1024px) 100vw, 1024px\">\t\t\t\t\t<div class=\"ekit_post_list_content_wraper\">\n\t\t\t\t\t\t\t\t\t\t\t\t\t\t\t\t\t\t<div class=\"meta-lists\">\n\t\t\t\t\t\t\t\t\t\t\t\t\t\t<span class=\"meta-date\">\n\n\t\t\t\t\t\t\t\t<i aria-hidden=\"true\" class=\"icon icon-calendar-page-empty\"><\/i>\n\t\t\t\t\t\t\t\t01 nov 2025\t\t\t\t\t\t\t<\/span>\n\t\t\t\t\t\t\t\n\t\t\t\t\t\t\t\t\t\t\t\t\t\t\t\t<span class=\"meta-category\">\n\t\t\t\t\t\t\t\t\t\n\t\t\t\t\t\t\t\t\t\t<i aria-hidden=\"true\" class=\"icon icon-folder\"><\/i>\n\t\t\t\t\t\t\t\t\tNeg\u00f3cios\t\t\t\t\t\t\t\t\t<\/span>\n\t\t\t\t\t\t\t\t\t\t\t\t\t\t\t<\/div>\n\t\t\t\t\t\t\n\t\t\t\t\t\t<span class=\"elementor-icon-list-text\">O Mercado Fitness no Brasil: Porque \u00e9 um bom momento para investir<\/span>\n\n\t\t\t\t\t\t\t\t\t\t\t<\/div>\n\t\t\t\t<\/a>\n\t\t\t<\/li>\n\t\t\t\t\t<li class=\"elementor-icon-list-item   \">\n\t\t\t\t<a href=\"https:\/\/runner-v1.attendy.com.br\/home\/vivendo-melhor-como-cuidar-do-corpo-e-da-mente-todos-os-dias\/\" >\n\t\t\t\t\t<img loading=\"lazy\" decoding=\"async\" width=\"1024\" height=\"1024\" src=\"https:\/\/runner-v1.attendy.com.br\/wp-content\/uploads\/2025\/10\/vivendo-melhor-como-cuidar-do-corpo-e-da-mente-todos-os-dias.webp\" class=\"attachment-large size-large wp-post-image\" alt=\"\" srcset=\"https:\/\/runner-v1.attendy.com.br\/wp-content\/uploads\/2025\/10\/vivendo-melhor-como-cuidar-do-corpo-e-da-mente-todos-os-dias.webp 1024w, https:\/\/runner-v1.attendy.com.br\/wp-content\/uploads\/2025\/10\/vivendo-melhor-como-cuidar-do-corpo-e-da-mente-todos-os-dias-300x300.webp 300w, https:\/\/runner-v1.attendy.com.br\/wp-content\/uploads\/2025\/10\/vivendo-melhor-como-cuidar-do-corpo-e-da-mente-todos-os-dias-150x150.webp 150w, https:\/\/runner-v1.attendy.com.br\/wp-content\/uploads\/2025\/10\/vivendo-melhor-como-cuidar-do-corpo-e-da-mente-todos-os-dias-768x768.webp 768w, https:\/\/runner-v1.attendy.com.br\/wp-content\/uploads\/2025\/10\/vivendo-melhor-como-cuidar-do-corpo-e-da-mente-todos-os-dias-600x600.webp 600w\" sizes=\"(max-width: 1024px) 100vw, 1024px\">\t\t\t\t\t<div class=\"ekit_post_list_content_wraper\">\n\t\t\t\t\t\t\t\t\t\t\t\t\t\t\t\t\t\t<div class=\"meta-lists\">\n\t\t\t\t\t\t\t\t\t\t\t\t\t\t<span class=\"meta-date\">\n\n\t\t\t\t\t\t\t\t<i aria-hidden=\"true\" class=\"icon icon-calendar-page-empty\"><\/i>\n\t\t\t\t\t\t\t\t29 out 2025\t\t\t\t\t\t\t<\/span>\n\t\t\t\t\t\t\t\n\t\t\t\t\t\t\t\t\t\t\t\t\t\t\t\t<span class=\"meta-category\">\n\t\t\t\t\t\t\t\t\t\n\t\t\t\t\t\t\t\t\t\t<i aria-hidden=\"true\" class=\"icon icon-folder\"><\/i>\n\t\t\t\t\t\t\t\t\tNutri\u00e7\u00e3o\t\t\t\t\t\t\t\t\t<\/span>\n\t\t\t\t\t\t\t\t\t\t\t\t\t\t\t<\/div>\n\t\t\t\t\t\t\n\t\t\t\t\t\t<span class=\"elementor-icon-list-text\">Vivendo Melhor: Como Cuidar do Corpo e da Mente Todos os Dias<\/span>\n\n\t\t\t\t\t\t\t\t\t\t\t<\/div>\n\t\t\t\t<\/a>\n\t\t\t<\/li>\n\t\t\t\t\t<li class=\"elementor-icon-list-item   \">\n\t\t\t\t<a href=\"https:\/\/runner-v1.attendy.com.br\/home\/a-verdade-sobre-a-cafeina-%e2%98%95-quando-e-boa-para-voce-e-quando-nao-e\/\" >\n\t\t\t\t\t<img loading=\"lazy\" decoding=\"async\" width=\"1024\" height=\"1024\" src=\"https:\/\/runner-v1.attendy.com.br\/wp-content\/uploads\/2025\/10\/a-verdade-sobre-a-cafeina-quando-boa-para-voce.webp\" class=\"attachment-large size-large wp-post-image\" alt=\"\" srcset=\"https:\/\/runner-v1.attendy.com.br\/wp-content\/uploads\/2025\/10\/a-verdade-sobre-a-cafeina-quando-boa-para-voce.webp 1024w, https:\/\/runner-v1.attendy.com.br\/wp-content\/uploads\/2025\/10\/a-verdade-sobre-a-cafeina-quando-boa-para-voce-300x300.webp 300w, https:\/\/runner-v1.attendy.com.br\/wp-content\/uploads\/2025\/10\/a-verdade-sobre-a-cafeina-quando-boa-para-voce-150x150.webp 150w, https:\/\/runner-v1.attendy.com.br\/wp-content\/uploads\/2025\/10\/a-verdade-sobre-a-cafeina-quando-boa-para-voce-768x768.webp 768w, https:\/\/runner-v1.attendy.com.br\/wp-content\/uploads\/2025\/10\/a-verdade-sobre-a-cafeina-quando-boa-para-voce-600x600.webp 600w\" sizes=\"(max-width: 1024px) 100vw, 1024px\">\t\t\t\t\t<div class=\"ekit_post_list_content_wraper\">\n\t\t\t\t\t\t\t\t\t\t\t\t\t\t\t\t\t\t<div class=\"meta-lists\">\n\t\t\t\t\t\t\t\t\t\t\t\t\t\t<span class=\"meta-date\">\n\n\t\t\t\t\t\t\t\t<i aria-hidden=\"true\" class=\"icon icon-calendar-page-empty\"><\/i>\n\t\t\t\t\t\t\t\t22 set 2025\t\t\t\t\t\t\t<\/span>\n\t\t\t\t\t\t\t\n\t\t\t\t\t\t\t\t\t\t\t\t\t\t\t\t<span class=\"meta-category\">\n\t\t\t\t\t\t\t\t\t\n\t\t\t\t\t\t\t\t\t\t<i aria-hidden=\"true\" class=\"icon icon-folder\"><\/i>\n\t\t\t\t\t\t\t\t\tNutri\u00e7\u00e3o\t\t\t\t\t\t\t\t\t<\/span>\n\t\t\t\t\t\t\t\t\t\t\t\t\t\t\t<\/div>\n\t\t\t\t\t\t\n\t\t\t\t\t\t<span class=\"elementor-icon-list-text\">A Verdade Sobre a Cafe\u00edna: Quando \u00e9 Boa para Voc\u00ea... e Quando N\u00e3o \u00c9<\/span>\n\n\t\t\t\t\t\t\t\t\t\t\t<\/div>\n\t\t\t\t<\/a>\n\t\t\t<\/li>\n\t\t\t\t\t<li class=\"elementor-icon-list-item   \">\n\t\t\t\t<a href=\"https:\/\/runner-v1.attendy.com.br\/home\/oportunidade-de-sucesso-como-abrir-uma-academia-runner-2\/\" >\n\t\t\t\t\t<img loading=\"lazy\" decoding=\"async\" width=\"1024\" height=\"1024\" src=\"https:\/\/runner-v1.attendy.com.br\/wp-content\/uploads\/2025\/08\/Gestor-e-equipe-Runner-comemorando-resultados-na-academia-licenciada.webp\" class=\"attachment-large size-large wp-post-image\" alt=\"\" srcset=\"https:\/\/runner-v1.attendy.com.br\/wp-content\/uploads\/2025\/08\/Gestor-e-equipe-Runner-comemorando-resultados-na-academia-licenciada.webp 1024w, https:\/\/runner-v1.attendy.com.br\/wp-content\/uploads\/2025\/08\/Gestor-e-equipe-Runner-comemorando-resultados-na-academia-licenciada-300x300.webp 300w, https:\/\/runner-v1.attendy.com.br\/wp-content\/uploads\/2025\/08\/Gestor-e-equipe-Runner-comemorando-resultados-na-academia-licenciada-150x150.webp 150w, https:\/\/runner-v1.attendy.com.br\/wp-content\/uploads\/2025\/08\/Gestor-e-equipe-Runner-comemorando-resultados-na-academia-licenciada-768x768.webp 768w\" sizes=\"(max-width: 1024px) 100vw, 1024px\">\t\t\t\t\t<div class=\"ekit_post_list_content_wraper\">\n\t\t\t\t\t\t\t\t\t\t\t\t\t\t\t\t\t\t<div class=\"meta-lists\">\n\t\t\t\t\t\t\t\t\t\t\t\t\t\t<span class=\"meta-date\">\n\n\t\t\t\t\t\t\t\t<i aria-hidden=\"true\" class=\"icon icon-calendar-page-empty\"><\/i>\n\t\t\t\t\t\t\t\t06 set 2025\t\t\t\t\t\t\t<\/span>\n\t\t\t\t\t\t\t\n\t\t\t\t\t\t\t\t\t\t\t\t\t\t\t\t<span class=\"meta-category\">\n\t\t\t\t\t\t\t\t\t\n\t\t\t\t\t\t\t\t\t\t<i aria-hidden=\"true\" class=\"icon icon-folder\"><\/i>\n\t\t\t\t\t\t\t\t\tFitness\t\t\t\t\t\t\t\t\t<\/span>\n\t\t\t\t\t\t\t\t\t\t\t\t\t\t\t<\/div>\n\t\t\t\t\t\t\n\t\t\t\t\t\t<span class=\"elementor-icon-list-text\">Oportunidade de sucesso! Como Abrir uma Academia RUNNER?<\/span>\n\n\t\t\t\t\t\t\t\t\t\t\t<\/div>\n\t\t\t\t<\/a>\n\t\t\t<\/li>\n\t\t\t\t\t<li class=\"elementor-icon-list-item   \">\n\t\t\t\t<a href=\"https:\/\/runner-v1.attendy.com.br\/home\/alimentacao-e-treino-de-acordo-com-as-fases-do-ciclo-menstrual\/\" >\n\t\t\t\t\t<img loading=\"lazy\" decoding=\"async\" width=\"1024\" height=\"1024\" src=\"https:\/\/runner-v1.attendy.com.br\/wp-content\/uploads\/2025\/11\/alimentacao-e-treino-de-acordo-com-as-fases-do-ciclo-menstrual.webp\" class=\"attachment-large size-large wp-post-image\" alt=\"\" srcset=\"https:\/\/runner-v1.attendy.com.br\/wp-content\/uploads\/2025\/11\/alimentacao-e-treino-de-acordo-com-as-fases-do-ciclo-menstrual.webp 1024w, https:\/\/runner-v1.attendy.com.br\/wp-content\/uploads\/2025\/11\/alimentacao-e-treino-de-acordo-com-as-fases-do-ciclo-menstrual-300x300.webp 300w, https:\/\/runner-v1.attendy.com.br\/wp-content\/uploads\/2025\/11\/alimentacao-e-treino-de-acordo-com-as-fases-do-ciclo-menstrual-150x150.webp 150w, https:\/\/runner-v1.attendy.com.br\/wp-content\/uploads\/2025\/11\/alimentacao-e-treino-de-acordo-com-as-fases-do-ciclo-menstrual-768x768.webp 768w, https:\/\/runner-v1.attendy.com.br\/wp-content\/uploads\/2025\/11\/alimentacao-e-treino-de-acordo-com-as-fases-do-ciclo-menstrual-600x600.webp 600w\" sizes=\"(max-width: 1024px) 100vw, 1024px\">\t\t\t\t\t<div class=\"ekit_post_list_content_wraper\">\n\t\t\t\t\t\t\t\t\t\t\t\t\t\t\t\t\t\t<div class=\"meta-lists\">\n\t\t\t\t\t\t\t\t\t\t\t\t\t\t<span class=\"meta-date\">\n\n\t\t\t\t\t\t\t\t<i aria-hidden=\"true\" class=\"icon icon-calendar-page-empty\"><\/i>\n\t\t\t\t\t\t\t\t02 ago 2025\t\t\t\t\t\t\t<\/span>\n\t\t\t\t\t\t\t\n\t\t\t\t\t\t\t\t\t\t\t\t\t\t\t\t<span class=\"meta-category\">\n\t\t\t\t\t\t\t\t\t\n\t\t\t\t\t\t\t\t\t\t<i aria-hidden=\"true\" class=\"icon icon-folder\"><\/i>\n\t\t\t\t\t\t\t\t\tNutri\u00e7\u00e3o\t\t\t\t\t\t\t\t\t<\/span>\n\t\t\t\t\t\t\t\t\t\t\t\t\t\t\t<\/div>\n\t\t\t\t\t\t\n\t\t\t\t\t\t<span class=\"elementor-icon-list-text\">Alimenta\u00e7\u00e3o e Treino de Acordo com as Fases do Ciclo Menstrual<\/span>\n\n\t\t\t\t\t\t\t\t\t\t\t<\/div>\n\t\t\t\t<\/a>\n\t\t\t<\/li>\n\t\t\t\t<\/ul>\n\t\t<\/div>\t\t\t\t<\/div>\n\t\t\t\t<\/div>\n\t\t\t\t\t<\/div>\n\t\t\t\t<\/div>\n\t\t\t\t<\/div>\n\t\t","protected":false},"excerpt":{"rendered":"<p>Nutri\u00e7\u00e3o A Verdade Sobre a Cafe\u00edna: Quando \u00e9 Boa para Voc\u00ea&#8230; e Quando N\u00e3o \u00c9 22 de setembro de 2025 Dra. Marissol Amaral Rios \u2013 Nutricionista | CRN-3 55580 Voltar para ver mais post Introdu\u00e7\u00e3o A cafe\u00edna est\u00e1 presente na rotina de milh\u00f5es de pessoas ao redor do mundo. Seja no caf\u00e9 da manh\u00e3, em uma x\u00edcara de ch\u00e1 ou em bebidas energ\u00e9ticas, ela \u00e9 usada por quem busca mais energia, foco e disposi\u00e7\u00e3o. Estima-se que 85% dos adultos americanos consumam cafe\u00edna todos os dias. Mas ser\u00e1 que ela \u00e9 realmente uma aliada da sa\u00fade \u2014 ou pode se tornar uma vil\u00e3 quando usada em excesso? 1. Como a Cafe\u00edna Atua no Seu Corpo A principal a\u00e7\u00e3o da cafe\u00edna \u00e9 bloquear a adenosina, uma subst\u00e2ncia que promove o sono e o relaxamento. Ao fazer isso, ela aumenta o estado de alerta e melhora temporariamente o humor, gra\u00e7as \u00e0 libera\u00e7\u00e3o de dopamina e adrenalina. Mas \u00e9 importante entender: essa sensa\u00e7\u00e3o de energia n\u00e3o vem de um ganho real de disposi\u00e7\u00e3o, e sim da supress\u00e3o da fadiga. Por isso, ap\u00f3s algumas horas, \u00e9 comum sentir queda de energia, irritabilidade ou dificuldade para dormir \u2014 especialmente se consumida \u00e0 tarde ou \u00e0 noite. A cafe\u00edna tem uma meia-vida m\u00e9dia de 4 a 6 horas, o que significa que metade da subst\u00e2ncia ainda est\u00e1 no seu corpo horas depois do consumo. Em pessoas mais sens\u00edveis, esse tempo pode ser ainda maior. 2. Benef\u00edcios do Consumo Moderado Quando usada com modera\u00e7\u00e3o, a cafe\u00edna pode trazer diversos benef\u00edcios \u00e0 sa\u00fade e \u00e0 performance. Estudos associam o consumo regular de caf\u00e9 \u00e0 redu\u00e7\u00e3o do risco de depress\u00e3o, diabetes tipo 2, Parkinson, Alzheimer e at\u00e9 alguns tipos de c\u00e2ncer. Al\u00e9m disso, ela \u00e9 uma aliada no desempenho f\u00edsico, melhorando o rendimento em atividades de resist\u00eancia, principalmente quando ingerida em doses entre 3 e 6 mg por quilo de peso corporal. Vale lembrar: muitos desses efeitos v\u00eam do caf\u00e9 como um todo, que cont\u00e9m antioxidantes e compostos bioativos \u2014 n\u00e3o apenas da cafe\u00edna isolada. 3. Quando a Cafe\u00edna se Torna um Problema \u26a0\ufe0f Nem todos reagem da mesma forma \u00e0 cafe\u00edna. Em excesso, ela pode causar: Ansiedade e palpita\u00e7\u00f5es, Ins\u00f4nia e irritabilidade, Desconfortos digestivos, Aumento da press\u00e3o arterial. Pessoas com hipertens\u00e3o, ansiedade, refluxo, s\u00edndrome do intestino irrit\u00e1vel, gestantes e lactantes devem ter cuidado redobrado. Usar cafe\u00edna para \u201ccompensar\u201d noites mal dormidas tamb\u00e9m \u00e9 arriscado \u2014 isso pode gerar um ciclo de exaust\u00e3o, irritabilidade e depend\u00eancia. 4. Como Consumir com Consci\u00eancia A melhor estrat\u00e9gia \u00e9 observar os sinais do seu corpo. Se voc\u00ea nota ansiedade, ins\u00f4nia ou queda de energia ap\u00f3s o consumo, talvez seja hora de ajustar a dose ou o hor\u00e1rio. Dicas simples para equilibrar o uso: Prefira consumir apenas pela manh\u00e3; Fa\u00e7a pausas regulares no consumo; Teste alternativas como ch\u00e1-verde, infus\u00f5es de ervas ou bebidas com cogumelos funcionais e adapt\u00f3genos. Essas op\u00e7\u00f5es mant\u00eam o ritual e o foco \u2014 sem os picos e quedas da cafe\u00edna tradicional. Conclus\u00e3o A cafe\u00edna pode ser tanto aliada quanto inimiga \u2014 tudo depende da dose, do hor\u00e1rio e da sua sensibilidade. O segredo est\u00e1 no consumo consciente e personalizado. Entenda seus limites, respeite seu corpo e use a cafe\u00edna a seu favor. Assim, voc\u00ea mant\u00e9m energia, foco e bem-estar, sem comprometer o sono e a sa\u00fade mental. Equil\u00edbrio \u00e9 o verdadeiro combust\u00edvel da performance. Dra. Marissol Amaral Rios \u2013 Nutricionista | CRN-3 55580 Voltar para ver mais post a runner preparou Mais Conte\u00fados para Turbinar Seu Desempenho&#8230; 01 nov 2025 Neg\u00f3cios O Mercado Fitness no Brasil: Porque \u00e9 um bom momento para investir 29 out 2025 Nutri\u00e7\u00e3o Vivendo Melhor: Como Cuidar do Corpo e da Mente Todos os Dias 22 set 2025 Fitness A Verdade Sobre a Cafe\u00edna: Quando \u00e9 Boa para Voc\u00ea&#8230; e Quando N\u00e3o \u00c9 06 set 2025 Fitness Oportunidade de sucesso! Como Abrir uma Academia RUNNER? 02 ago 2025 Nutri\u00e7\u00e3o Alimenta\u00e7\u00e3o e Treino de Acordo com as Fases do Ciclo Menstrual<\/p>\n","protected":false},"author":2,"featured_media":1953,"comment_status":"open","ping_status":"open","sticky":false,"template":"","format":"standard","meta":{"ocean_post_layout":"","ocean_both_sidebars_style":"","ocean_both_sidebars_content_width":0,"ocean_both_sidebars_sidebars_width":0,"ocean_sidebar":"","ocean_second_sidebar":"","ocean_disable_margins":"enable","ocean_add_body_class":"","ocean_shortcode_before_top_bar":"","ocean_shortcode_after_top_bar":"","ocean_shortcode_before_header":"","ocean_shortcode_after_header":"","ocean_has_shortcode":"","ocean_shortcode_after_title":"","ocean_shortcode_before_footer_widgets":"","ocean_shortcode_after_footer_widgets":"","ocean_shortcode_before_footer_bottom":"","ocean_shortcode_after_footer_bottom":"","ocean_display_top_bar":"default","ocean_display_header":"default","ocean_header_style":"","ocean_center_header_left_menu":"","ocean_custom_header_template":"","ocean_custom_logo":0,"ocean_custom_retina_logo":0,"ocean_custom_logo_max_width":0,"ocean_custom_logo_tablet_max_width":0,"ocean_custom_logo_mobile_max_width":0,"ocean_custom_logo_max_height":0,"ocean_custom_logo_tablet_max_height":0,"ocean_custom_logo_mobile_max_height":0,"ocean_header_custom_menu":"","ocean_menu_typo_font_family":"","ocean_menu_typo_font_subset":"","ocean_menu_typo_font_size":0,"ocean_menu_typo_font_size_tablet":0,"ocean_menu_typo_font_size_mobile":0,"ocean_menu_typo_font_size_unit":"px","ocean_menu_typo_font_weight":"","ocean_menu_typo_font_weight_tablet":"","ocean_menu_typo_font_weight_mobile":"","ocean_menu_typo_transform":"","ocean_menu_typo_transform_tablet":"","ocean_menu_typo_transform_mobile":"","ocean_menu_typo_line_height":0,"ocean_menu_typo_line_height_tablet":0,"ocean_menu_typo_line_height_mobile":0,"ocean_menu_typo_line_height_unit":"","ocean_menu_typo_spacing":0,"ocean_menu_typo_spacing_tablet":0,"ocean_menu_typo_spacing_mobile":0,"ocean_menu_typo_spacing_unit":"","ocean_menu_link_color":"","ocean_menu_link_color_hover":"","ocean_menu_link_color_active":"","ocean_menu_link_background":"","ocean_menu_link_hover_background":"","ocean_menu_link_active_background":"","ocean_menu_social_links_bg":"","ocean_menu_social_hover_links_bg":"","ocean_menu_social_links_color":"","ocean_menu_social_hover_links_color":"","ocean_disable_title":"default","ocean_disable_heading":"default","ocean_post_title":"","ocean_post_subheading":"","ocean_post_title_style":"","ocean_post_title_background_color":"","ocean_post_title_background":0,"ocean_post_title_bg_image_position":"","ocean_post_title_bg_image_attachment":"","ocean_post_title_bg_image_repeat":"","ocean_post_title_bg_image_size":"","ocean_post_title_height":0,"ocean_post_title_bg_overlay":0.5,"ocean_post_title_bg_overlay_color":"","ocean_disable_breadcrumbs":"default","ocean_breadcrumbs_color":"#00000000","ocean_breadcrumbs_separator_color":"","ocean_breadcrumbs_links_color":"","ocean_breadcrumbs_links_hover_color":"","ocean_display_footer_widgets":"default","ocean_display_footer_bottom":"default","ocean_custom_footer_template":"","ocean_post_oembed":"","ocean_post_self_hosted_media":"","ocean_post_video_embed":"","ocean_link_format":"","ocean_link_format_target":"self","ocean_quote_format":"","ocean_quote_format_link":"post","ocean_gallery_link_images":"on","ocean_gallery_id":[],"footnotes":""},"categories":[1,15],"tags":[22,24,19,21,23,25,20],"class_list":["post-2052","post","type-post","status-publish","format-standard","has-post-thumbnail","hentry","category-nutricao","category-fitness","tag-bem-estar","tag-blog-runner","tag-cafeina","tag-desempenho","tag-nutricao","tag-runner-academia","tag-saude","entry","has-media"],"_links":{"self":[{"href":"https:\/\/runner-v1.attendy.com.br\/home\/wp-json\/wp\/v2\/posts\/2052","targetHints":{"allow":["GET"]}}],"collection":[{"href":"https:\/\/runner-v1.attendy.com.br\/home\/wp-json\/wp\/v2\/posts"}],"about":[{"href":"https:\/\/runner-v1.attendy.com.br\/home\/wp-json\/wp\/v2\/types\/post"}],"author":[{"embeddable":true,"href":"https:\/\/runner-v1.attendy.com.br\/home\/wp-json\/wp\/v2\/users\/2"}],"replies":[{"embeddable":true,"href":"https:\/\/runner-v1.attendy.com.br\/home\/wp-json\/wp\/v2\/comments?post=2052"}],"version-history":[{"count":25,"href":"https:\/\/runner-v1.attendy.com.br\/home\/wp-json\/wp\/v2\/posts\/2052\/revisions"}],"predecessor-version":[{"id":2356,"href":"https:\/\/runner-v1.attendy.com.br\/home\/wp-json\/wp\/v2\/posts\/2052\/revisions\/2356"}],"wp:featuredmedia":[{"embeddable":true,"href":"https:\/\/runner-v1.attendy.com.br\/home\/wp-json\/wp\/v2\/media\/1953"}],"wp:attachment":[{"href":"https:\/\/runner-v1.attendy.com.br\/home\/wp-json\/wp\/v2\/media?parent=2052"}],"wp:term":[{"taxonomy":"category","embeddable":true,"href":"https:\/\/runner-v1.attendy.com.br\/home\/wp-json\/wp\/v2\/categories?post=2052"},{"taxonomy":"post_tag","embeddable":true,"href":"https:\/\/runner-v1.attendy.com.br\/home\/wp-json\/wp\/v2\/tags?post=2052"}],"curies":[{"name":"wp","href":"https:\/\/api.w.org\/{rel}","templated":true}]}}